{"id":541463,"date":"2023-08-01T07:30:16","date_gmt":"2023-08-01T13:30:16","guid":{"rendered":"https:\/\/cerebrodigital.net\/?p=541463"},"modified":"2023-08-01T07:30:20","modified_gmt":"2023-08-01T13:30:20","slug":"the-emu-war-when-australia-lost-to-birds","status":"publish","type":"post","link":"https:\/\/cerebrodigital.net\/en\/the-emu-war-when-australia-lost-to-birds\/","title":{"rendered":"The Emu War: When Australia Lost to Birds"},"content":{"rendered":"\n<p>Can you imagine your country having a war against birds <strong>and losing<\/strong>? Well, surreal as it may seem, that happened in Australia. <strong>The Emu War<\/strong>, an event that remains in the nation\u2019s history books.<\/p>\n\n\n\n<p>This event occurred between November 2 and December 10, 1932. It all started when these <strong>flightless, 37 kg average birds<\/strong> were causing great damage in Campion, a district of Western Australia. Its development is simple\u2026 &#8220;Surprising&#8221;.<\/p>\n\n\n\n<h2 class=\"wp-block-heading\">The Great Emu War<\/h2>\n\n\n\n<figure class=\"wp-block-image aligncenter size-full\"><img fetchpriority=\"high\" decoding=\"async\" width=\"700\" height=\"400\" src=\"https:\/\/cerebrodigital.net\/wp-content\/uploads\/2023\/07\/guerra-del-emu-cuando-australia-perdio-contra-las-aves-1.jpg\" alt=\"The Emu War: When Australia Lost to Birds\" class=\"wp-image-540349\" title=\"\" srcset=\"https:\/\/cerebrodigital.net\/wp-content\/uploads\/2023\/07\/guerra-del-emu-cuando-australia-perdio-contra-las-aves-1.jpg 700w, https:\/\/cerebrodigital.net\/wp-content\/uploads\/2023\/07\/guerra-del-emu-cuando-australia-perdio-contra-las-aves-1-300x171.jpg 300w, https:\/\/cerebrodigital.net\/wp-content\/uploads\/2023\/07\/guerra-del-emu-cuando-australia-perdio-contra-las-aves-1-696x398.jpg 696w, https:\/\/cerebrodigital.net\/wp-content\/uploads\/2023\/07\/guerra-del-emu-cuando-australia-perdio-contra-las-aves-1-150x86.jpg 150w\" sizes=\"(max-width: 700px) 100vw, 700px\" \/><\/figure>\n\n\n\n<p>It is believed that around <strong>20,000 emus<\/strong> discovered the newly cultivated land in Campion and decided to settle in the area. They used the place to breed and access food and water easily. Basically, it was <strong>paradise<\/strong> for them.<\/p>\n\n\n\n<p>The problem was that farmers were losing their minds when their <strong>wheat crops were destroyed<\/strong>. The birds didn&#8217;t only devour the wheat completely but also damaged the fences, allowing the passage of <a href=\"https:\/\/cerebrodigital.net\/virus-altamente-contagioso-y-letal-se-esta-propagando-en-estados-unidos-sus-victimas-son-conejos\/\">rabbits<\/a>, another invasive and destructive pest.<\/p>\n\n\n\n<p>The farmers saw their land totally invaded, and with the price of wheat continuing to fall due to <strong>the Great Depression<\/strong>, despair was understandable. They reached a point where they asked the army for help, starting the Emu War.<\/p>\n\n\n\n<p>To add a little more context, it should be noted that emus, until 1922, were a protected species, but that changed radically. First, farmers, mostly ex-military, started shooting birds <strong>without success.<\/strong><\/p>\n\n\n\n<p>In a single day, they managed to finish off only twelve emus, while their numbers multiplied by the dozens. They, therefore, decided to turn to the Australian Ministry of Defence and <a href=\"https:\/\/en.wikipedia.org\/wiki\/George_Pearce\" target=\"_blank\" rel=\"noopener\">Sir George Pearce<\/a>, head of the ministry at the time. Pearce, seeing the impending emergency, decided to send an <strong>army armed<\/strong> with Lewis submachine guns to finish off emus once and for all. Starting the Emu War.<\/p>\n\n\n\n<h2 class=\"wp-block-heading\">The offensive against the emus<\/h2>\n\n\n\n<figure class=\"wp-block-image aligncenter size-full\"><img decoding=\"async\" width=\"700\" height=\"400\" src=\"https:\/\/cerebrodigital.net\/wp-content\/uploads\/2023\/07\/guerra-del-emu-cuando-australia-perdio-contra-las-aves-2.jpg\" alt=\"The Emu War: When Australia Lost to Birds\" class=\"wp-image-540351\" title=\"\" srcset=\"https:\/\/cerebrodigital.net\/wp-content\/uploads\/2023\/07\/guerra-del-emu-cuando-australia-perdio-contra-las-aves-2.jpg 700w, https:\/\/cerebrodigital.net\/wp-content\/uploads\/2023\/07\/guerra-del-emu-cuando-australia-perdio-contra-las-aves-2-300x171.jpg 300w, https:\/\/cerebrodigital.net\/wp-content\/uploads\/2023\/07\/guerra-del-emu-cuando-australia-perdio-contra-las-aves-2-696x398.jpg 696w, https:\/\/cerebrodigital.net\/wp-content\/uploads\/2023\/07\/guerra-del-emu-cuando-australia-perdio-contra-las-aves-2-150x86.jpg 150w\" sizes=\"(max-width: 700px) 100vw, 700px\" \/><\/figure>\n\n\n\n<p>The troops quickly deployed, taking strategic areas where the emus inhabited. After all, with <strong>10,000 stockpiles of ammo<\/strong>, it was impossible to fail, right? Well, yes, it was possible.<\/p>\n\n\n\n<p>The emus were <strong>ridiculously fast targets<\/strong>, which made them very difficult to hit. And if, by some miracle, they hit one, the bullets did not slow them down. The advantage of the birds was such that G. P. W. Meredith, a member of the seventh infantry battalion of the <a href=\"https:\/\/en.wikipedia.org\/wiki\/Royal_Australian_Artillery\" target=\"_blank\" rel=\"noopener\">Royal Australian Artillery<\/a> and operations commander, declared:<\/p>\n\n\n\n<blockquote class=\"wp-block-quote is-layout-flow wp-block-quote-is-layout-flow\">\n<p>\u00abIf we had a military division with the bullet-carrying capacity of these <a href=\"https:\/\/cerebrodigital.net\/video-resuelven-el-misterio-de-la-muerte-masiva-de-aves-en-mexico\/\">birds<\/a>, it would face any army in the world&#8230; They can face machine guns with the invulnerability of tanks\u00bb.<\/p>\n<\/blockquote>\n\n\n\n<p>The army managed to shoot down a hundred birds, but the emu population kept growing. They simply could not keep up with the birds, <strong>neither with strategy nor with planned ambushes<\/strong>. They even used vehicles armed with machine guns, but they were still <strong>defeated<\/strong> in the Emu War.<\/p>\n\n\n\n<h2 class=\"wp-block-heading\">The withdrawal begins<\/h2>\n\n\n\n<figure class=\"wp-block-image aligncenter size-full\"><img decoding=\"async\" width=\"700\" height=\"400\" src=\"https:\/\/cerebrodigital.net\/wp-content\/uploads\/2023\/07\/guerra-del-emu-cuando-australia-perdio-contra-las-aves-3.jpg\" alt=\"The Emu War: When Australia Lost to Birds\" class=\"wp-image-540353\" title=\"\" srcset=\"https:\/\/cerebrodigital.net\/wp-content\/uploads\/2023\/07\/guerra-del-emu-cuando-australia-perdio-contra-las-aves-3.jpg 700w, https:\/\/cerebrodigital.net\/wp-content\/uploads\/2023\/07\/guerra-del-emu-cuando-australia-perdio-contra-las-aves-3-300x171.jpg 300w, https:\/\/cerebrodigital.net\/wp-content\/uploads\/2023\/07\/guerra-del-emu-cuando-australia-perdio-contra-las-aves-3-696x398.jpg 696w, https:\/\/cerebrodigital.net\/wp-content\/uploads\/2023\/07\/guerra-del-emu-cuando-australia-perdio-contra-las-aves-3-150x86.jpg 150w\" sizes=\"(max-width: 700px) 100vw, 700px\" \/><\/figure>\n\n\n\n<p>The ornithologist <a href=\"https:\/\/www.linkedin.com\/in\/dominic-serventi-91096917b\" target=\"_blank\" rel=\"noopener\">Dominic Serventi<\/a> denounced the operation as \u00aban attempt at the <strong>mass destruction<\/strong> of emus\u00bb. And he described the Emu War as follows:<\/p>\n\n\n\n<blockquote class=\"wp-block-quote is-layout-flow wp-block-quote-is-layout-flow\">\n<p>\u00abEvidently, the Emu&#8217;s command had ordered guerrilla tactics, and its difficult army soon splits into countless small units that made the use of military equipment ineffective. Therefore, a defeated field force withdrew from the combat area after about a month\u00bb.<\/p>\n<\/blockquote>\n\n\n\n<p>After the retreat, the army returned to the battlefield on November 13, and for the next three weeks, Major Meredith claimed <strong>986 emus and 9,860 spent ammunition<\/strong>. Exactly, 10 rounds were needed for confirmed death. Another 2,500 injured emus later died.<\/p>\n\n\n\n<p>On the other hand, the attempted extermination of emus received great media coverage, which caused a wave of sympathy with the birds. Social pressure had a <strong>negative impact<\/strong> that forced the government to withdraw the troops. The army, once again, was defeated, but this time <strong>definitively<\/strong>.<\/p>\n\n\n\n<p><strong><em>Fortunately, emus became a protected species under federal legislation to protect biodiversity in 1999. Despite major attempts to exterminate them, they are still plentiful in Australia, and large walls are now used to keep them away from crops. In the end, it wasn&#8217;t that hard to beat them either.<\/em><\/strong><\/p>\n","protected":false},"excerpt":{"rendered":"<p>Can you imagine your country having a war against birds and losing? Well, surreal as it may seem, that happened [&hellip;]<\/p>\n","protected":false},"author":2284,"featured_media":540355,"comment_status":"open","ping_status":"open","sticky":false,"template":"","format":"standard","meta":{"site-sidebar-layout":"default","site-content-layout":"","ast-site-content-layout":"default","site-content-style":"default","site-sidebar-style":"default","ast-global-header-display":"","ast-banner-title-visibility":"","ast-main-header-display":"","ast-hfb-above-header-display":"","ast-hfb-below-header-display":"","ast-hfb-mobile-header-display":"","site-post-title":"","ast-breadcrumbs-content":"","ast-featured-img":"","footer-sml-layout":"","ast-disable-related-posts":"","theme-transparent-header-meta":"","adv-header-id-meta":"","stick-header-meta":"","header-above-stick-meta":"","header-main-stick-meta":"","header-below-stick-meta":"","astra-migrate-meta-layouts":"default","ast-page-background-enabled":"default","ast-page-background-meta":{"desktop":{"background-color":"var(--ast-global-color-5)","background-image":"","background-repeat":"repeat","background-position":"center center","background-size":"auto","background-attachment":"scroll","background-type":"","background-media":"","overlay-type":"","overlay-color":"","overlay-opacity":"","overlay-gradient":""},"tablet":{"background-color":"","background-image":"","background-repeat":"repeat","background-position":"center center","background-size":"auto","background-attachment":"scroll","background-type":"","background-media":"","overlay-type":"","overlay-color":"","overlay-opacity":"","overlay-gradient":""},"mobile":{"background-color":"","background-image":"","background-repeat":"repeat","background-position":"center center","background-size":"auto","background-attachment":"scroll","background-type":"","background-media":"","overlay-type":"","overlay-color":"","overlay-opacity":"","overlay-gradient":""}},"ast-content-background-meta":{"desktop":{"background-color":"var(--ast-global-color-4)","background-image":"","background-repeat":"repeat","background-position":"center center","background-size":"auto","background-attachment":"scroll","background-type":"","background-media":"","overlay-type":"","overlay-color":"","overlay-opacity":"","overlay-gradient":""},"tablet":{"background-color":"var(--ast-global-color-4)","background-image":"","background-repeat":"repeat","background-position":"center center","background-size":"auto","background-attachment":"scroll","background-type":"","background-media":"","overlay-type":"","overlay-color":"","overlay-opacity":"","overlay-gradient":""},"mobile":{"background-color":"var(--ast-global-color-4)","background-image":"","background-repeat":"repeat","background-position":"center center","background-size":"auto","background-attachment":"scroll","background-type":"","background-media":"","overlay-type":"","overlay-color":"","overlay-opacity":"","overlay-gradient":""}},"_jetpack_newsletter_access":"","_jetpack_dont_email_post_to_subs":false,"_jetpack_newsletter_tier_id":0,"_jetpack_memberships_contains_paywalled_content":false,"two_page_speed":[],"_jetpack_memberships_contains_paid_content":false,"footnotes":"","jetpack_post_was_ever_published":false},"categories":[107071],"tags":[110543,110388,110539,110544,110538,110541,110542,107194,110545,110548,110549,110540,110546,110547],"class_list":["post-541463","post","type-post","status-publish","format-standard","has-post-thumbnail","hentry","category-history","tag-ambush","tag-australia-2","tag-defeat","tag-emu-2","tag-emu-war","tag-emus","tag-farmers","tag-history","tag-invasion-2","tag-military","tag-plague","tag-rabbits","tag-submachine-guns","tag-wheat"],"jetpack_featured_media_url":"https:\/\/cerebrodigital.net\/wp-content\/uploads\/2023\/07\/guerra-del-emu-cuando-australia-perdio-contra-las-aves-portada.jpg","jetpack_sharing_enabled":true,"jetpack_likes_enabled":false,"jetpack_shortlink":"https:\/\/wp.me\/pdR79Q-2gRh","jetpack-related-posts":[{"id":540346,"url":"https:\/\/cerebrodigital.net\/guerra-del-emu-australia-lucho-aves\/","url_meta":{"origin":541463,"position":0},"title":"Guerra del Em\u00fa: cuando Australia luch\u00f3 contra las aves","author":"Erick Sumoza","date":"July 10, 2023","format":false,"excerpt":"\u00bfTe imaginas que tu pa\u00eds tenga una guerra contra unas aves, y pierda? Pues, por surrealista que parezca, eso sucedi\u00f3 en Australia. La Guerra del Em\u00fa, un suceso que qued\u00f3 en los libros de historia de la naci\u00f3n. Este evento ocurri\u00f3 entre el 2 de noviembre y el 10 de\u2026","rel":"","context":"In &quot;Efem\u00e9rides&quot;","block_context":{"text":"Efem\u00e9rides","link":"https:\/\/cerebrodigital.net\/category\/efemerides\/"},"img":{"alt_text":"Guerra del Em\u00fa: cuando Australia perdi\u00f3 contra las aves","src":"https:\/\/i0.wp.com\/cerebrodigital.net\/wp-content\/uploads\/2023\/07\/guerra-del-emu-cuando-australia-perdio-contra-las-aves-portada.jpg?resize=350%2C200&ssl=1","width":350,"height":200,"srcset":"https:\/\/i0.wp.com\/cerebrodigital.net\/wp-content\/uploads\/2023\/07\/guerra-del-emu-cuando-australia-perdio-contra-las-aves-portada.jpg?resize=350%2C200&ssl=1 1x, https:\/\/i0.wp.com\/cerebrodigital.net\/wp-content\/uploads\/2023\/07\/guerra-del-emu-cuando-australia-perdio-contra-las-aves-portada.jpg?resize=525%2C300&ssl=1 1.5x, https:\/\/i0.wp.com\/cerebrodigital.net\/wp-content\/uploads\/2023\/07\/guerra-del-emu-cuando-australia-perdio-contra-las-aves-portada.jpg?resize=700%2C400&ssl=1 2x, https:\/\/i0.wp.com\/cerebrodigital.net\/wp-content\/uploads\/2023\/07\/guerra-del-emu-cuando-australia-perdio-contra-las-aves-portada.jpg?resize=1050%2C600&ssl=1 3x"},"classes":[]},{"id":533535,"url":"https:\/\/cerebrodigital.net\/en\/war-tactics-false-ventilation-constructed-in-a-bunker-in-normandy-surprise-grenade\/","url_meta":{"origin":541463,"position":1},"title":"War tactics: False ventilation constructed in a bunker in Normandy. Surprise grenade!","author":"Rodrigo Vazquez","date":"March 10, 2023","format":false,"excerpt":"World War II was a time of technological advances and increasingly lethal strategies. But in Normandy, the builders of a bunker had a lethal technique to deceive their enemies: distraction. It turned out that the bunker had a hole disguised as an air vent, which looked like the perfect place\u2026","rel":"","context":"In &quot;Technology&quot;","block_context":{"text":"Technology","link":"https:\/\/cerebrodigital.net\/en\/category\/technology\/"},"img":{"alt_text":"","src":"https:\/\/i0.wp.com\/cerebrodigital.net\/wp-content\/uploads\/2023\/03\/preguntas1.png?resize=350%2C200&ssl=1","width":350,"height":200,"srcset":"https:\/\/i0.wp.com\/cerebrodigital.net\/wp-content\/uploads\/2023\/03\/preguntas1.png?resize=350%2C200&ssl=1 1x, https:\/\/i0.wp.com\/cerebrodigital.net\/wp-content\/uploads\/2023\/03\/preguntas1.png?resize=525%2C300&ssl=1 1.5x, https:\/\/i0.wp.com\/cerebrodigital.net\/wp-content\/uploads\/2023\/03\/preguntas1.png?resize=700%2C400&ssl=1 2x, https:\/\/i0.wp.com\/cerebrodigital.net\/wp-content\/uploads\/2023\/03\/preguntas1.png?resize=1050%2C600&ssl=1 3x"},"classes":[]},{"id":584604,"url":"https:\/\/cerebrodigital.net\/en\/abu-ghraib-prison-terror-war-terrorism\/","url_meta":{"origin":541463,"position":2},"title":"Abu Ghraib: The Prison of Terror in the War on Terrorism","author":"Erick Sumoza","date":"April 4, 2024","format":false,"excerpt":"\u201cThe United States is a friend to all the Iraqi people.\u201d With that sign, Abu Ghraib prison welcomed visitors, replacing the massive photo of Saddam Hussein when the United States took control as part of the War on Terror. It was this place that unveiled the horrific terror inflicted on\u2026","rel":"","context":"In &quot;Curiosidades&quot;","block_context":{"text":"Curiosidades","link":"https:\/\/cerebrodigital.net\/en\/category\/news-en\/curiosidades-en\/"},"img":{"alt_text":"Abu Ghraib: The Prison of Terror in the War on Terrorism","src":"https:\/\/i0.wp.com\/cerebrodigital.net\/wp-content\/uploads\/2025\/06\/abu-ghraib-la-prision-del-terror-de-la-guerra-contra-el-terrorismo-portada.webp?resize=350%2C200&ssl=1","width":350,"height":200,"srcset":"https:\/\/i0.wp.com\/cerebrodigital.net\/wp-content\/uploads\/2025\/06\/abu-ghraib-la-prision-del-terror-de-la-guerra-contra-el-terrorismo-portada.webp?resize=350%2C200&ssl=1 1x, https:\/\/i0.wp.com\/cerebrodigital.net\/wp-content\/uploads\/2025\/06\/abu-ghraib-la-prision-del-terror-de-la-guerra-contra-el-terrorismo-portada.webp?resize=525%2C300&ssl=1 1.5x, https:\/\/i0.wp.com\/cerebrodigital.net\/wp-content\/uploads\/2025\/06\/abu-ghraib-la-prision-del-terror-de-la-guerra-contra-el-terrorismo-portada.webp?resize=700%2C400&ssl=1 2x, https:\/\/i0.wp.com\/cerebrodigital.net\/wp-content\/uploads\/2025\/06\/abu-ghraib-la-prision-del-terror-de-la-guerra-contra-el-terrorismo-portada.webp?resize=1050%2C600&ssl=1 3x"},"classes":[]},{"id":533518,"url":"https:\/\/cerebrodigital.net\/en\/this-is-the-inside-of-john-f-kennedys-secret-cold-war-nuclear-bunker\/","url_meta":{"origin":541463,"position":3},"title":"This is the inside of John F. Kennedy&#8217;s secret Cold War nuclear bunker.","author":"Rodrigo Vazquez","date":"March 10, 2023","format":false,"excerpt":"This secret bunker was built in 1961 on a Palm Beach islet north of Miami, because the Cuban missile crisis brought the world to the brink of nuclear war. This bunker cost $90,000 USD and took 10 days to build according to Anthony Miller, general director of the Palm Beach\u2026","rel":"","context":"In &quot;Social Science&quot;","block_context":{"text":"Social Science","link":"https:\/\/cerebrodigital.net\/en\/category\/science\/social-science\/"},"img":{"alt_text":"","src":"https:\/\/i0.wp.com\/cerebrodigital.net\/wp-content\/uploads\/2020\/06\/recorridonuclear.jpg?resize=350%2C200&ssl=1","width":350,"height":200,"srcset":"https:\/\/i0.wp.com\/cerebrodigital.net\/wp-content\/uploads\/2020\/06\/recorridonuclear.jpg?resize=350%2C200&ssl=1 1x, https:\/\/i0.wp.com\/cerebrodigital.net\/wp-content\/uploads\/2020\/06\/recorridonuclear.jpg?resize=525%2C300&ssl=1 1.5x, https:\/\/i0.wp.com\/cerebrodigital.net\/wp-content\/uploads\/2020\/06\/recorridonuclear.jpg?resize=700%2C400&ssl=1 2x, https:\/\/i0.wp.com\/cerebrodigital.net\/wp-content\/uploads\/2020\/06\/recorridonuclear.jpg?resize=1050%2C600&ssl=1 3x, https:\/\/i0.wp.com\/cerebrodigital.net\/wp-content\/uploads\/2020\/06\/recorridonuclear.jpg?resize=1400%2C800&ssl=1 4x"},"classes":[]},{"id":546820,"url":"https:\/\/cerebrodigital.net\/en\/kim-phuc-napalm-girl-horos-of-war-eas\/","url_meta":{"origin":541463,"position":4},"title":"Kim Phuc, the &#8220;Napalm Girl&#8221;: one of the most haunting images of the war","author":"Erick Sumoza","date":"October 20, 2023","format":false,"excerpt":"Phan Thi Kim Phuc, known as the \"Napalm Girl,\" received her final burn treatment in June 2022, after 50 years. In 1972, she was photographed while fleeing naked and screaming in agony after a napalm attack during the Vietnam War, an image that became a symbol of the horrors of\u2026","rel":"","context":"In &quot;History&quot;","block_context":{"text":"History","link":"https:\/\/cerebrodigital.net\/en\/category\/history\/"},"img":{"alt_text":"Kim Phuc, the \"Napalm Girl\": one of the most haunting images of the war","src":"https:\/\/i0.wp.com\/cerebrodigital.net\/wp-content\/uploads\/2023\/10\/kim-phuc-the-napalm-girl-one-of-the-most-haunting-images-of-the-war-cover.jpg?resize=350%2C200&ssl=1","width":350,"height":200,"srcset":"https:\/\/i0.wp.com\/cerebrodigital.net\/wp-content\/uploads\/2023\/10\/kim-phuc-the-napalm-girl-one-of-the-most-haunting-images-of-the-war-cover.jpg?resize=350%2C200&ssl=1 1x, https:\/\/i0.wp.com\/cerebrodigital.net\/wp-content\/uploads\/2023\/10\/kim-phuc-the-napalm-girl-one-of-the-most-haunting-images-of-the-war-cover.jpg?resize=525%2C300&ssl=1 1.5x, https:\/\/i0.wp.com\/cerebrodigital.net\/wp-content\/uploads\/2023\/10\/kim-phuc-the-napalm-girl-one-of-the-most-haunting-images-of-the-war-cover.jpg?resize=700%2C400&ssl=1 2x, https:\/\/i0.wp.com\/cerebrodigital.net\/wp-content\/uploads\/2023\/10\/kim-phuc-the-napalm-girl-one-of-the-most-haunting-images-of-the-war-cover.jpg?resize=1050%2C600&ssl=1 3x"},"classes":[]},{"id":533438,"url":"https:\/\/cerebrodigital.net\/en\/before-the-war-u-s-nazis-held-large-rallies-at-madison-square-garden\/","url_meta":{"origin":541463,"position":5},"title":"Before the war, U.S. Nazis held large rallies at Madison Square Garden.","author":"Alejandra Galaz","date":"March 18, 2023","format":false,"excerpt":"Prior to World War II, there was a group of Nazi sympathizers in the United States who used to hold events and rallies in support of the ideas and policies of Adolf Hitler and the German Nazi party. One of the emblematic places where these events took place was Madison\u2026","rel":"","context":"In &quot;Social Science&quot;","block_context":{"text":"Social Science","link":"https:\/\/cerebrodigital.net\/en\/category\/science\/social-science\/"},"img":{"alt_text":"","src":"https:\/\/i0.wp.com\/cerebrodigital.net\/wp-content\/uploads\/2023\/03\/nas7b11aj5ja1.webp?resize=350%2C200&ssl=1","width":350,"height":200,"srcset":"https:\/\/i0.wp.com\/cerebrodigital.net\/wp-content\/uploads\/2023\/03\/nas7b11aj5ja1.webp?resize=350%2C200&ssl=1 1x, https:\/\/i0.wp.com\/cerebrodigital.net\/wp-content\/uploads\/2023\/03\/nas7b11aj5ja1.webp?resize=525%2C300&ssl=1 1.5x, https:\/\/i0.wp.com\/cerebrodigital.net\/wp-content\/uploads\/2023\/03\/nas7b11aj5ja1.webp?resize=700%2C400&ssl=1 2x"},"classes":[]}],"amp_enabled":true,"_links":{"self":[{"href":"https:\/\/cerebrodigital.net\/en\/wp-json\/wp\/v2\/posts\/541463","targetHints":{"allow":["GET"]}}],"collection":[{"href":"https:\/\/cerebrodigital.net\/en\/wp-json\/wp\/v2\/posts"}],"about":[{"href":"https:\/\/cerebrodigital.net\/en\/wp-json\/wp\/v2\/types\/post"}],"author":[{"embeddable":true,"href":"https:\/\/cerebrodigital.net\/en\/wp-json\/wp\/v2\/users\/2284"}],"replies":[{"embeddable":true,"href":"https:\/\/cerebrodigital.net\/en\/wp-json\/wp\/v2\/comments?post=541463"}],"version-history":[{"count":5,"href":"https:\/\/cerebrodigital.net\/en\/wp-json\/wp\/v2\/posts\/541463\/revisions"}],"predecessor-version":[{"id":541468,"href":"https:\/\/cerebrodigital.net\/en\/wp-json\/wp\/v2\/posts\/541463\/revisions\/541468"}],"wp:featuredmedia":[{"embeddable":true,"href":"https:\/\/cerebrodigital.net\/en\/wp-json\/wp\/v2\/media\/540355"}],"wp:attachment":[{"href":"https:\/\/cerebrodigital.net\/en\/wp-json\/wp\/v2\/media?parent=541463"}],"wp:term":[{"taxonomy":"category","embeddable":true,"href":"https:\/\/cerebrodigital.net\/en\/wp-json\/wp\/v2\/categories?post=541463"},{"taxonomy":"post_tag","embeddable":true,"href":"https:\/\/cerebrodigital.net\/en\/wp-json\/wp\/v2\/tags?post=541463"}],"curies":[{"name":"wp","href":"https:\/\/api.w.org\/{rel}","templated":true}]}}